{"id":24330,"date":"2023-11-27T13:05:24","date_gmt":"2023-11-27T13:05:24","guid":{"rendered":"https:\/\/oralhistorykosovo.org\/bajram-zymberi\/"},"modified":"2025-08-19T13:18:03","modified_gmt":"2025-08-19T13:18:03","slug":"bajram-zymberi","status":"publish","type":"post","link":"https:\/\/oralhistorykosovo.org\/sq\/bajram-zymberi\/","title":{"rendered":"Bajram Zymberi"},"content":{"rendered":"<p><span style=\"font-weight: 400;\">Bajram Zymberi u lind n\u00eb vitin 1950 n\u00eb Gjilan. Studioi Fizik\u00eb n\u00eb Departamentin e Fizik\u00ebs n\u00eb Universitetin e Prishtin\u00ebs. Shpejt u pun\u00ebsua n\u00eb Teknik\u00ebn Popullore, organizat\u00ebn shtet\u00ebrore p\u00ebr teknologji. Gjat\u00eb jet\u00ebs s\u00eb tij, ka punuar si fotograf dhe aktor amator n\u00eb Teatrin e Gjilanit. Me p\u00ebrjashtimin nga puna p\u00ebr shkak masave t\u00eb dhunshme n\u00eb vitet e \u201890-a, ai punoi privatisht si elektricist.\u00a0 Ai vdiq m\u00eb 16 n\u00ebntor, 2023.<\/span><\/p>\n","protected":false},"excerpt":{"rendered":"<p>Bajram Zymberi u lind n\u00eb vitin 1950 n\u00eb Gjilan. Studioi Fizik\u00eb n\u00eb Departamentin e Fizik\u00ebs n\u00eb Universitetin e Prishtin\u00ebs. Shpejt&#8230;<\/p>\n","protected":false},"author":564,"featured_media":24326,"comment_status":"open","ping_status":"open","sticky":false,"template":"","format":"standard","meta":{"footnotes":""},"categories":[13],"tags":[],"class_list":["post-24330","post","type-post","status-publish","format-standard","has-post-thumbnail","hentry","category-intervistat"],"_links":{"self":[{"href":"https:\/\/oralhistorykosovo.org\/sq\/wp-json\/wp\/v2\/posts\/24330","targetHints":{"allow":["GET"]}}],"collection":[{"href":"https:\/\/oralhistorykosovo.org\/sq\/wp-json\/wp\/v2\/posts"}],"about":[{"href":"https:\/\/oralhistorykosovo.org\/sq\/wp-json\/wp\/v2\/types\/post"}],"author":[{"embeddable":true,"href":"https:\/\/oralhistorykosovo.org\/sq\/wp-json\/wp\/v2\/users\/564"}],"replies":[{"embeddable":true,"href":"https:\/\/oralhistorykosovo.org\/sq\/wp-json\/wp\/v2\/comments?post=24330"}],"version-history":[{"count":5,"href":"https:\/\/oralhistorykosovo.org\/sq\/wp-json\/wp\/v2\/posts\/24330\/revisions"}],"predecessor-version":[{"id":24345,"href":"https:\/\/oralhistorykosovo.org\/sq\/wp-json\/wp\/v2\/posts\/24330\/revisions\/24345"}],"wp:featuredmedia":[{"embeddable":true,"href":"https:\/\/oralhistorykosovo.org\/sq\/wp-json\/wp\/v2\/media\/24326"}],"wp:attachment":[{"href":"https:\/\/oralhistorykosovo.org\/sq\/wp-json\/wp\/v2\/media?parent=24330"}],"wp:term":[{"taxonomy":"category","embeddable":true,"href":"https:\/\/oralhistorykosovo.org\/sq\/wp-json\/wp\/v2\/categories?post=24330"},{"taxonomy":"post_tag","embeddable":true,"href":"https:\/\/oralhistorykosovo.org\/sq\/wp-json\/wp\/v2\/tags?post=24330"}],"curies":[{"name":"wp","href":"https:\/\/api.w.org\/{rel}","templated":true}]}}