{"id":23945,"date":"2024-04-22T12:09:24","date_gmt":"2024-04-22T12:09:24","guid":{"rendered":"https:\/\/oralhistorykosovo.org\/sakibe-doli\/"},"modified":"2025-08-11T12:13:56","modified_gmt":"2025-08-11T12:13:56","slug":"sakibe-doli","status":"publish","type":"post","link":"https:\/\/oralhistorykosovo.org\/sq\/sakibe-doli\/","title":{"rendered":"Sakibe Doli"},"content":{"rendered":"<p><span style=\"font-weight: 400;\">Sakibe Doli u lind n\u00eb vitin 1953, n\u00eb Gjakov\u00eb. Ajo diplomoi n\u00eb deg\u00ebn e Gjuh\u00ebs Shqipe t\u00eb Fakultetit Filologjik n\u00eb Universitetin e Prishtin\u00ebs. Pas diplomimit ka punuar si m\u00ebsimdh\u00ebn\u00ebse n\u00eb shkoll\u00eb \u201cPjet\u00ebr Bogdani\u201d n\u00eb Demjan. N\u00eb vitin 2000 ka qen\u00eb bashk\u00ebthemeluese e strehimores p\u00ebr gra dhe f\u00ebmij\u00eb n\u00eb Gjakov\u00eb, e cila funksionon ende. Gjat\u00eb luft\u00ebs ka qen\u00eb e angazhuar n\u00eb logjistik\u00eb brenda U\u00c7K-s\u00eb. Tani \u00ebsht\u00eb n\u00eb pension dhe jeton me familjen n\u00eb Gjakov\u00eb.<\/span><\/p>\n","protected":false},"excerpt":{"rendered":"<p>Sakibe Doli u lind n\u00eb vitin 1953, n\u00eb Gjakov\u00eb. Ajo diplomoi n\u00eb deg\u00ebn e Gjuh\u00ebs Shqipe t\u00eb Fakultetit Filologjik n\u00eb&#8230;<\/p>\n","protected":false},"author":564,"featured_media":23941,"comment_status":"open","ping_status":"open","sticky":false,"template":"","format":"standard","meta":{"footnotes":""},"categories":[15,13,130],"tags":[],"class_list":["post-23945","post","type-post","status-publish","format-standard","has-post-thumbnail","hentry","category-hulumtime","category-intervistat","category-ish-te-burgosurit-politike-ne-jugosllavi"],"_links":{"self":[{"href":"https:\/\/oralhistorykosovo.org\/sq\/wp-json\/wp\/v2\/posts\/23945","targetHints":{"allow":["GET"]}}],"collection":[{"href":"https:\/\/oralhistorykosovo.org\/sq\/wp-json\/wp\/v2\/posts"}],"about":[{"href":"https:\/\/oralhistorykosovo.org\/sq\/wp-json\/wp\/v2\/types\/post"}],"author":[{"embeddable":true,"href":"https:\/\/oralhistorykosovo.org\/sq\/wp-json\/wp\/v2\/users\/564"}],"replies":[{"embeddable":true,"href":"https:\/\/oralhistorykosovo.org\/sq\/wp-json\/wp\/v2\/comments?post=23945"}],"version-history":[{"count":2,"href":"https:\/\/oralhistorykosovo.org\/sq\/wp-json\/wp\/v2\/posts\/23945\/revisions"}],"predecessor-version":[{"id":23956,"href":"https:\/\/oralhistorykosovo.org\/sq\/wp-json\/wp\/v2\/posts\/23945\/revisions\/23956"}],"wp:featuredmedia":[{"embeddable":true,"href":"https:\/\/oralhistorykosovo.org\/sq\/wp-json\/wp\/v2\/media\/23941"}],"wp:attachment":[{"href":"https:\/\/oralhistorykosovo.org\/sq\/wp-json\/wp\/v2\/media?parent=23945"}],"wp:term":[{"taxonomy":"category","embeddable":true,"href":"https:\/\/oralhistorykosovo.org\/sq\/wp-json\/wp\/v2\/categories?post=23945"},{"taxonomy":"post_tag","embeddable":true,"href":"https:\/\/oralhistorykosovo.org\/sq\/wp-json\/wp\/v2\/tags?post=23945"}],"curies":[{"name":"wp","href":"https:\/\/api.w.org\/{rel}","templated":true}]}}