{"id":23667,"date":"2024-07-29T10:20:07","date_gmt":"2024-07-29T10:20:07","guid":{"rendered":"https:\/\/oralhistorykosovo.org\/mejreme-shema\/"},"modified":"2025-07-25T10:29:16","modified_gmt":"2025-07-25T10:29:16","slug":"mejreme-shema","status":"publish","type":"post","link":"https:\/\/oralhistorykosovo.org\/sq\/mejreme-shema\/","title":{"rendered":"Mejreme Shema"},"content":{"rendered":"<p><span style=\"font-weight: 400;\">Mejreme Shema u lind n\u00eb vitin 1945 n\u00eb Leletiq, Komuna e Lipjanit.\u00a0 Ajo ka diplomuar n\u00eb Fakultetin e Gjuh\u00ebs Angleze n\u00eb vitin 1969 dhe gjithashtu ka studiuar edhe n\u00eb Deg\u00ebn e Gjuh\u00ebs dhe Let\u00ebrsis\u00eb Shqipe n\u00eb vitet 1970-1972. Ka filluar t\u00eb punoj si m\u00ebsimdh\u00ebn\u00ebse n\u00eb vitin 1979. Ajo tani \u00ebsht\u00eb n\u00eb pension dhe jeton me familjen n\u00eb Prishtin\u00eb.<\/span><\/p>\n","protected":false},"excerpt":{"rendered":"<p>Mejreme Shema u lind n\u00eb vitin 1945 n\u00eb Leletiq, Komuna e Lipjanit.\u00a0 Ajo ka diplomuar n\u00eb Fakultetin e Gjuh\u00ebs Angleze&#8230;<\/p>\n","protected":false},"author":564,"featured_media":23663,"comment_status":"open","ping_status":"open","sticky":false,"template":"","format":"standard","meta":{"footnotes":""},"categories":[15,13,130],"tags":[],"class_list":["post-23667","post","type-post","status-publish","format-standard","has-post-thumbnail","hentry","category-hulumtime","category-intervistat","category-ish-te-burgosurit-politike-ne-jugosllavi"],"_links":{"self":[{"href":"https:\/\/oralhistorykosovo.org\/sq\/wp-json\/wp\/v2\/posts\/23667","targetHints":{"allow":["GET"]}}],"collection":[{"href":"https:\/\/oralhistorykosovo.org\/sq\/wp-json\/wp\/v2\/posts"}],"about":[{"href":"https:\/\/oralhistorykosovo.org\/sq\/wp-json\/wp\/v2\/types\/post"}],"author":[{"embeddable":true,"href":"https:\/\/oralhistorykosovo.org\/sq\/wp-json\/wp\/v2\/users\/564"}],"replies":[{"embeddable":true,"href":"https:\/\/oralhistorykosovo.org\/sq\/wp-json\/wp\/v2\/comments?post=23667"}],"version-history":[{"count":3,"href":"https:\/\/oralhistorykosovo.org\/sq\/wp-json\/wp\/v2\/posts\/23667\/revisions"}],"predecessor-version":[{"id":23679,"href":"https:\/\/oralhistorykosovo.org\/sq\/wp-json\/wp\/v2\/posts\/23667\/revisions\/23679"}],"wp:featuredmedia":[{"embeddable":true,"href":"https:\/\/oralhistorykosovo.org\/sq\/wp-json\/wp\/v2\/media\/23663"}],"wp:attachment":[{"href":"https:\/\/oralhistorykosovo.org\/sq\/wp-json\/wp\/v2\/media?parent=23667"}],"wp:term":[{"taxonomy":"category","embeddable":true,"href":"https:\/\/oralhistorykosovo.org\/sq\/wp-json\/wp\/v2\/categories?post=23667"},{"taxonomy":"post_tag","embeddable":true,"href":"https:\/\/oralhistorykosovo.org\/sq\/wp-json\/wp\/v2\/tags?post=23667"}],"curies":[{"name":"wp","href":"https:\/\/api.w.org\/{rel}","templated":true}]}}