{"id":23032,"date":"2014-07-04T12:27:19","date_gmt":"2014-07-04T12:27:19","guid":{"rendered":"https:\/\/oralhistorykosovo.org\/alije-vokshi\/"},"modified":"2025-07-25T10:00:05","modified_gmt":"2025-07-25T10:00:05","slug":"alije-vokshi","status":"publish","type":"post","link":"https:\/\/oralhistorykosovo.org\/sq\/alije-vokshi\/","title":{"rendered":"Alije Vokshi"},"content":{"rendered":"<p><span style=\"font-weight: 400;\">Alije Vokshi u lind n<\/span><span style=\"font-weight: 400;\">\u00eb vitin 1945, n\u00eb Prishtin\u00eb, Kosov\u00eb. Vokshi \u00ebsht\u00eb gruaja e par\u00eb q\u00eb u mor me piktur\u00eb profesionalisht. N\u00eb vitin 1968, ajo dimplomoi nga departamenti i piktur\u00ebs, n\u00eb klas\u00ebn e Nedeljko Gvozdenovi<\/span><span style=\"font-weight: 400;\">\u0107<\/span><span style=\"font-weight: 400;\">, n\u00eb Akademin\u00eb e Arteve Figurative n\u00eb Beograd, Serbi. N\u00eb vitin 1981, ajo magjistroi nga e nj\u00ebjta Akedemi dhe specializoi p\u00ebr nj\u00eb vit n\u00eb Paris, Franc\u00eb. Ajo vdiq n\u00eb Prishtin\u00eb m\u00eb 31 janar, 2022.\u00a0<\/span><\/p>\n","protected":false},"excerpt":{"rendered":"<p>Alije Vokshi u lind n\u00eb vitin 1945, n\u00eb Prishtin\u00eb, Kosov\u00eb. Vokshi \u00ebsht\u00eb gruaja e par\u00eb q\u00eb u mor me piktur\u00eb&#8230;<\/p>\n","protected":false},"author":7,"featured_media":23034,"comment_status":"open","ping_status":"open","sticky":false,"template":"","format":"standard","meta":{"footnotes":""},"categories":[137,13],"tags":[],"class_list":["post-23032","post","type-post","status-publish","format-standard","has-post-thumbnail","hentry","category-artistet-moderniste-te-kosoves","category-intervistat"],"_links":{"self":[{"href":"https:\/\/oralhistorykosovo.org\/sq\/wp-json\/wp\/v2\/posts\/23032","targetHints":{"allow":["GET"]}}],"collection":[{"href":"https:\/\/oralhistorykosovo.org\/sq\/wp-json\/wp\/v2\/posts"}],"about":[{"href":"https:\/\/oralhistorykosovo.org\/sq\/wp-json\/wp\/v2\/types\/post"}],"author":[{"embeddable":true,"href":"https:\/\/oralhistorykosovo.org\/sq\/wp-json\/wp\/v2\/users\/7"}],"replies":[{"embeddable":true,"href":"https:\/\/oralhistorykosovo.org\/sq\/wp-json\/wp\/v2\/comments?post=23032"}],"version-history":[{"count":2,"href":"https:\/\/oralhistorykosovo.org\/sq\/wp-json\/wp\/v2\/posts\/23032\/revisions"}],"predecessor-version":[{"id":23047,"href":"https:\/\/oralhistorykosovo.org\/sq\/wp-json\/wp\/v2\/posts\/23032\/revisions\/23047"}],"wp:featuredmedia":[{"embeddable":true,"href":"https:\/\/oralhistorykosovo.org\/sq\/wp-json\/wp\/v2\/media\/23034"}],"wp:attachment":[{"href":"https:\/\/oralhistorykosovo.org\/sq\/wp-json\/wp\/v2\/media?parent=23032"}],"wp:term":[{"taxonomy":"category","embeddable":true,"href":"https:\/\/oralhistorykosovo.org\/sq\/wp-json\/wp\/v2\/categories?post=23032"},{"taxonomy":"post_tag","embeddable":true,"href":"https:\/\/oralhistorykosovo.org\/sq\/wp-json\/wp\/v2\/tags?post=23032"}],"curies":[{"name":"wp","href":"https:\/\/api.w.org\/{rel}","templated":true}]}}