{"id":23002,"date":"2021-05-28T14:11:09","date_gmt":"2021-05-28T14:11:09","guid":{"rendered":"https:\/\/oralhistorykosovo.org\/hysni-krasniqi\/"},"modified":"2025-07-25T09:56:50","modified_gmt":"2025-07-25T09:56:50","slug":"hysni-krasniqi","status":"publish","type":"post","link":"https:\/\/oralhistorykosovo.org\/sq\/hysni-krasniqi\/","title":{"rendered":"Hysni Krasniqi"},"content":{"rendered":"<p><span style=\"font-weight: 400;\">Hysni Krasniqi u lind n\u00eb vitin 1942 n\u00eb Llukar, komuna e Prishtin\u00ebs. N\u00eb vitin 1969, ai dimplomoi nga Departamenti i Grafik\u00ebs n\u00eb Akademin\u00eb e Arteve n\u00eb Beograd. N\u00eb vitin 1979, nga i nj\u00ebjti institucion, ai magjistroi n\u00ebn mentorimin e Bo\u0161ko Karanovi\u0107. Me themelimin e Akademis\u00eb s\u00eb Arteve n\u00eb Prishtin\u00eb, n\u00eb vitin 1974, z. Krasniqi iu bashkua stafit akademik, dhe m\u00eb von\u00eb moti titullin profesor i rregullt i l\u00ebnd\u00ebs s\u00eb grafik\u00ebs. Ai ka pasur ekspozita t\u00eb shumta n\u00eb vend dhe nd\u00ebrkomb\u00ebtare. Ai vdiq m\u00eb 14 mars, 2025.<\/span><\/p>\n","protected":false},"excerpt":{"rendered":"<p>Hysni Krasniqi u lind n\u00eb vitin 1942 n\u00eb Llukar, komuna e Prishtin\u00ebs. N\u00eb vitin 1969, ai dimplomoi nga Departamenti i&#8230;<\/p>\n","protected":false},"author":7,"featured_media":23006,"comment_status":"open","ping_status":"open","sticky":false,"template":"","format":"standard","meta":{"footnotes":""},"categories":[137,13],"tags":[],"class_list":["post-23002","post","type-post","status-publish","format-standard","has-post-thumbnail","hentry","category-artistet-moderniste-te-kosoves","category-intervistat"],"_links":{"self":[{"href":"https:\/\/oralhistorykosovo.org\/sq\/wp-json\/wp\/v2\/posts\/23002","targetHints":{"allow":["GET"]}}],"collection":[{"href":"https:\/\/oralhistorykosovo.org\/sq\/wp-json\/wp\/v2\/posts"}],"about":[{"href":"https:\/\/oralhistorykosovo.org\/sq\/wp-json\/wp\/v2\/types\/post"}],"author":[{"embeddable":true,"href":"https:\/\/oralhistorykosovo.org\/sq\/wp-json\/wp\/v2\/users\/7"}],"replies":[{"embeddable":true,"href":"https:\/\/oralhistorykosovo.org\/sq\/wp-json\/wp\/v2\/comments?post=23002"}],"version-history":[{"count":3,"href":"https:\/\/oralhistorykosovo.org\/sq\/wp-json\/wp\/v2\/posts\/23002\/revisions"}],"predecessor-version":[{"id":23005,"href":"https:\/\/oralhistorykosovo.org\/sq\/wp-json\/wp\/v2\/posts\/23002\/revisions\/23005"}],"wp:featuredmedia":[{"embeddable":true,"href":"https:\/\/oralhistorykosovo.org\/sq\/wp-json\/wp\/v2\/media\/23006"}],"wp:attachment":[{"href":"https:\/\/oralhistorykosovo.org\/sq\/wp-json\/wp\/v2\/media?parent=23002"}],"wp:term":[{"taxonomy":"category","embeddable":true,"href":"https:\/\/oralhistorykosovo.org\/sq\/wp-json\/wp\/v2\/categories?post=23002"},{"taxonomy":"post_tag","embeddable":true,"href":"https:\/\/oralhistorykosovo.org\/sq\/wp-json\/wp\/v2\/tags?post=23002"}],"curies":[{"name":"wp","href":"https:\/\/api.w.org\/{rel}","templated":true}]}}