{"id":2282,"date":"2012-07-03T21:36:28","date_gmt":"2012-07-03T21:36:28","guid":{"rendered":"http:\/\/oralhistorykosovo.org\/sq\/?p=2282"},"modified":"2017-05-11T13:56:13","modified_gmt":"2017-05-11T13:56:13","slug":"nazlie-bala","status":"publish","type":"post","link":"https:\/\/oralhistorykosovo.org\/sq\/nazlie-bala\/","title":{"rendered":"Nazlije Bala"},"content":{"rendered":"<p>Nazlije Bala u lind n\u00eb Prishtin\u00eb m\u00eb 17 maj 1967. Ka diplomuar p\u00ebr Ekonomi n\u00eb Universitetin e Prishtin\u00ebs. An\u00ebtare e udh\u00ebheq\u00ebsis\u00eb n\u00eb Vet\u00ebvendosje dhe p\u00ebrgjegj\u00ebse p\u00ebr \u00e7\u00ebshtjet e grave, ajo \u00ebsht\u00eb aktiviste e t\u00eb drejtat e njeriut dhe eksperte p\u00ebr \u00e7\u00ebshtje t\u00eb siguris\u00eb. Ajo ka sh\u00ebrbyer si k\u00ebshilltare p\u00ebr qeverin\u00eb e Kosov\u00ebs dhe ka qen\u00eb n\u00eb krye t\u00eb funksioneve t\u00eb larta n\u00eb agjenci nd\u00ebrkomb\u00ebtare si n\u00eb Programin p\u00ebr Zhvillim t\u00eb Kombeve t\u00eb Bashkuara dhe Organizat\u00ebn p\u00ebr Siguri dhe Bashk\u00ebpunim n\u00eb Evrop\u00eb. Ajo ishte nj\u00eb nd\u00ebr aktivistet e para n\u00eb K\u00ebshillin p\u00ebr Mbrojtjen e t\u00eb Drejtave dhe Lirive t\u00eb Njeriut n\u00eb Kosov\u00eb, n\u00eb 1989. N\u00eb vitin 2000, ajo merr \u00c7mimin e Mij\u00ebvje\u00e7arit 2000, i dh\u00ebn\u00eb nga qeveria franceze, p\u00ebr kontributin e saj n\u00eb t\u00eb drejtat e njeriut. Nazlia ka qen\u00eb kampione junior e shahut n\u00eb Kosov\u00eb, mbajt\u00ebse e shiritit t\u00eb kalt\u00ebrt n\u00eb xhudo, dhe klariniste. Ajo vazhdon t\u00eb luaj shah dhe klarinet\u00eb.<\/p>\n","protected":false},"excerpt":{"rendered":"<p>Nazlije Bala u lind n\u00eb Prishtin\u00eb m\u00eb 17 maj 1967. Ka diplomuar p\u00ebr Ekonomi n\u00eb Universitetin e Prishtin\u00ebs. An\u00ebtare e&#8230;<\/p>\n","protected":false},"author":7,"featured_media":2286,"comment_status":"open","ping_status":"open","sticky":false,"template":"","format":"standard","meta":{"footnotes":""},"categories":[15,13,56],"tags":[],"class_list":["post-2282","post","type-post","status-publish","format-standard","has-post-thumbnail","hentry","category-hulumtime","category-intervistat","category-womens-activism-sq","label-photo","label-transcript","label-video"],"_links":{"self":[{"href":"https:\/\/oralhistorykosovo.org\/sq\/wp-json\/wp\/v2\/posts\/2282","targetHints":{"allow":["GET"]}}],"collection":[{"href":"https:\/\/oralhistorykosovo.org\/sq\/wp-json\/wp\/v2\/posts"}],"about":[{"href":"https:\/\/oralhistorykosovo.org\/sq\/wp-json\/wp\/v2\/types\/post"}],"author":[{"embeddable":true,"href":"https:\/\/oralhistorykosovo.org\/sq\/wp-json\/wp\/v2\/users\/7"}],"replies":[{"embeddable":true,"href":"https:\/\/oralhistorykosovo.org\/sq\/wp-json\/wp\/v2\/comments?post=2282"}],"version-history":[{"count":15,"href":"https:\/\/oralhistorykosovo.org\/sq\/wp-json\/wp\/v2\/posts\/2282\/revisions"}],"predecessor-version":[{"id":10345,"href":"https:\/\/oralhistorykosovo.org\/sq\/wp-json\/wp\/v2\/posts\/2282\/revisions\/10345"}],"wp:featuredmedia":[{"embeddable":true,"href":"https:\/\/oralhistorykosovo.org\/sq\/wp-json\/wp\/v2\/media\/2286"}],"wp:attachment":[{"href":"https:\/\/oralhistorykosovo.org\/sq\/wp-json\/wp\/v2\/media?parent=2282"}],"wp:term":[{"taxonomy":"category","embeddable":true,"href":"https:\/\/oralhistorykosovo.org\/sq\/wp-json\/wp\/v2\/categories?post=2282"},{"taxonomy":"post_tag","embeddable":true,"href":"https:\/\/oralhistorykosovo.org\/sq\/wp-json\/wp\/v2\/tags?post=2282"}],"curies":[{"name":"wp","href":"https:\/\/api.w.org\/{rel}","templated":true}]}}