{"id":2236,"date":"2015-12-13T19:41:23","date_gmt":"2015-12-13T19:41:23","guid":{"rendered":"http:\/\/oralhistorykosovo.org\/sq\/adem-grabovci\/"},"modified":"2017-02-25T02:10:32","modified_gmt":"2017-02-25T02:10:32","slug":"adem-grabovci","status":"publish","type":"post","link":"https:\/\/oralhistorykosovo.org\/sq\/adem-grabovci\/","title":{"rendered":"Adem Grabovci"},"content":{"rendered":"<p>Adem Grabovci (1960) u lind n\u00eb fshatin Staraduran, komuna e Istogut. I burgosur politik gjat\u00eb viteve 1984-1989 dhe bashk\u00eb me t\u00eb tjer\u00ebt nism\u00ebtar i Pajtimit t\u00eb Gjaqeve m\u00eb 1990. Pas ikjes n\u00eb Zvic\u00ebr sh\u00ebrbeu si kryetar i L\u00ebvizjes Popullore dhe an\u00ebtar\u00eb i kryesis\u00eb s\u00eb L\u00ebvizjes Popullore p\u00ebr diaspor\u00eb. \u00cbsht\u00eb nj\u00eb nd\u00ebr themeluesit t\u00eb fondit \u201cVendlindja Th\u00ebrret\u201d, nj\u00eb nd\u00ebr themeluesit e U\u00c7K-s\u00eb dhe an\u00ebtar\u00eb i Shtabit t\u00eb P\u00ebrgjithsh\u00ebm t\u00eb U\u00c7K-s\u00eb. N\u00eb zgjedhjet e 17 n\u00ebntorit 2007 Grabovci u zgjodh deputet n\u00eb Kuvendin e Republik\u00ebs se Kosov\u00ebs nga radh\u00ebt e Partis\u00eb Demokratike t\u00eb Kosov\u00ebs.<\/p>\n","protected":false},"excerpt":{"rendered":"<p>Adem Grabovci (1960) u lind n\u00eb fshatin Staraduran, komuna e Istogut. I burgosur politik gjat\u00eb viteve 1984-1989 dhe bashk\u00eb me&#8230;<\/p>\n","protected":false},"author":7,"featured_media":3383,"comment_status":"open","ping_status":"open","sticky":false,"template":"","format":"standard","meta":{"footnotes":""},"categories":[58,13],"tags":[],"class_list":["post-2236","post","type-post","status-publish","format-standard","has-post-thumbnail","hentry","category-pajtimi-i-gjaqeve","category-intervistat","label-photo","label-transcript","label-video"],"_links":{"self":[{"href":"https:\/\/oralhistorykosovo.org\/sq\/wp-json\/wp\/v2\/posts\/2236","targetHints":{"allow":["GET"]}}],"collection":[{"href":"https:\/\/oralhistorykosovo.org\/sq\/wp-json\/wp\/v2\/posts"}],"about":[{"href":"https:\/\/oralhistorykosovo.org\/sq\/wp-json\/wp\/v2\/types\/post"}],"author":[{"embeddable":true,"href":"https:\/\/oralhistorykosovo.org\/sq\/wp-json\/wp\/v2\/users\/7"}],"replies":[{"embeddable":true,"href":"https:\/\/oralhistorykosovo.org\/sq\/wp-json\/wp\/v2\/comments?post=2236"}],"version-history":[{"count":19,"href":"https:\/\/oralhistorykosovo.org\/sq\/wp-json\/wp\/v2\/posts\/2236\/revisions"}],"predecessor-version":[{"id":9374,"href":"https:\/\/oralhistorykosovo.org\/sq\/wp-json\/wp\/v2\/posts\/2236\/revisions\/9374"}],"wp:featuredmedia":[{"embeddable":true,"href":"https:\/\/oralhistorykosovo.org\/sq\/wp-json\/wp\/v2\/media\/3383"}],"wp:attachment":[{"href":"https:\/\/oralhistorykosovo.org\/sq\/wp-json\/wp\/v2\/media?parent=2236"}],"wp:term":[{"taxonomy":"category","embeddable":true,"href":"https:\/\/oralhistorykosovo.org\/sq\/wp-json\/wp\/v2\/categories?post=2236"},{"taxonomy":"post_tag","embeddable":true,"href":"https:\/\/oralhistorykosovo.org\/sq\/wp-json\/wp\/v2\/tags?post=2236"}],"curies":[{"name":"wp","href":"https:\/\/api.w.org\/{rel}","templated":true}]}}