{"id":2217,"date":"2016-01-26T19:07:41","date_gmt":"2016-01-26T19:07:41","guid":{"rendered":"http:\/\/oralhistorykosovo.org\/sq\/mulla-xhevat-kryeziu-2\/"},"modified":"2017-02-25T02:09:52","modified_gmt":"2017-02-25T02:09:52","slug":"mulla-xhevat-kryeziu-2","status":"publish","type":"post","link":"https:\/\/oralhistorykosovo.org\/sq\/mulla-xhevat-kryeziu-2\/","title":{"rendered":"Mulla Xhevat Kryeziu"},"content":{"rendered":"<p><span style=\"font-weight: 400;\">Mulla Xhevat Kryeziu (1958) lindi n\u00eb fshatin Bubavec, komuna e Malishev\u00ebs. Ai kreu Shkoll\u00ebn e Lart\u00eb Pedagogjike \u201cBajram Curri\u201d n\u00eb Gjakov\u00eb, drejtimi Histori dhe Gjeografi. Nga viti 1979 ai \u00ebsht\u00eb hoxh\u00eb n\u00eb xhamin\u00eb e Bubavecit. Nj\u00ebkoh\u00ebsisht, ai \u00ebsht\u00eb Kryetar i Bashk\u00ebsis\u00eb Islame n\u00eb Malishev\u00eb.<\/span><\/p>\n","protected":false},"excerpt":{"rendered":"<p>Mulla Xhevat Kryeziu (1958) lindi n\u00eb fshatin Bubavec, komuna e Malishev\u00ebs. Ai kreu Shkoll\u00ebn e Lart\u00eb Pedagogjike \u201cBajram Curri\u201d n\u00eb&#8230;<\/p>\n","protected":false},"author":7,"featured_media":1961,"comment_status":"open","ping_status":"open","sticky":false,"template":"","format":"standard","meta":{"footnotes":""},"categories":[58,15,13],"tags":[],"class_list":["post-2217","post","type-post","status-publish","format-standard","has-post-thumbnail","hentry","category-pajtimi-i-gjaqeve","category-hulumtime","category-intervistat","label-photo","label-transcript","label-video"],"_links":{"self":[{"href":"https:\/\/oralhistorykosovo.org\/sq\/wp-json\/wp\/v2\/posts\/2217","targetHints":{"allow":["GET"]}}],"collection":[{"href":"https:\/\/oralhistorykosovo.org\/sq\/wp-json\/wp\/v2\/posts"}],"about":[{"href":"https:\/\/oralhistorykosovo.org\/sq\/wp-json\/wp\/v2\/types\/post"}],"author":[{"embeddable":true,"href":"https:\/\/oralhistorykosovo.org\/sq\/wp-json\/wp\/v2\/users\/7"}],"replies":[{"embeddable":true,"href":"https:\/\/oralhistorykosovo.org\/sq\/wp-json\/wp\/v2\/comments?post=2217"}],"version-history":[{"count":11,"href":"https:\/\/oralhistorykosovo.org\/sq\/wp-json\/wp\/v2\/posts\/2217\/revisions"}],"predecessor-version":[{"id":9373,"href":"https:\/\/oralhistorykosovo.org\/sq\/wp-json\/wp\/v2\/posts\/2217\/revisions\/9373"}],"wp:featuredmedia":[{"embeddable":true,"href":"https:\/\/oralhistorykosovo.org\/sq\/wp-json\/wp\/v2\/media\/1961"}],"wp:attachment":[{"href":"https:\/\/oralhistorykosovo.org\/sq\/wp-json\/wp\/v2\/media?parent=2217"}],"wp:term":[{"taxonomy":"category","embeddable":true,"href":"https:\/\/oralhistorykosovo.org\/sq\/wp-json\/wp\/v2\/categories?post=2217"},{"taxonomy":"post_tag","embeddable":true,"href":"https:\/\/oralhistorykosovo.org\/sq\/wp-json\/wp\/v2\/tags?post=2217"}],"curies":[{"name":"wp","href":"https:\/\/api.w.org\/{rel}","templated":true}]}}