{"id":21601,"date":"2015-10-25T10:08:30","date_gmt":"2015-10-25T10:08:30","guid":{"rendered":"https:\/\/oralhistorykosovo.org\/ljubica-karamatic\/"},"modified":"2025-06-05T10:28:30","modified_gmt":"2025-06-05T10:28:30","slug":"ljubica-karamatic","status":"publish","type":"post","link":"https:\/\/oralhistorykosovo.org\/sq\/ljubica-karamatic\/","title":{"rendered":"Lubica Karamatiq"},"content":{"rendered":"<p style=\"text-align: justify;\"><span style=\"font-weight: 400;\">Lubica Karamatiq u lind m\u00eb 14 gusht 1934 n\u00eb Janjev\u00eb. Ljubica u martua pa i mbushur nj\u00ebzet vjet dhe u b\u00eb n\u00ebn\u00eb e shtat\u00eb f\u00ebmij\u00ebve. Pasi q\u00eb bashk\u00ebshorti i saj punonte n\u00eb Shkup, Maqedoni ajo e mori p\u00ebrsip\u00ebr menaxhimin e biznesit familjar. Ajo e ka pasur nj\u00eb puntori n\u00eb sht\u00ebpi ku e kan\u00eb p\u00ebrpunuar metalin. Edhe pse sot e gjith\u00eb familja e saj \u00ebsht\u00eb n\u00eb Zagreb, Ljubica ende jeton n\u00eb Janjev\u00eb pasi q\u00eb dy djem t\u00eb saj jan\u00eb t\u00eb varrosur n\u00eb varrezat e Janjev\u00ebs.<\/span><\/p>\n","protected":false},"excerpt":{"rendered":"<p>Lubica Karamatiq u lind m\u00eb 14 gusht 1934 n\u00eb Janjev\u00eb. Ljubica u martua pa i mbushur nj\u00ebzet vjet dhe u&#8230;<\/p>\n","protected":false},"author":14,"featured_media":22265,"comment_status":"open","ping_status":"open","sticky":false,"template":"","format":"standard","meta":{"footnotes":""},"categories":[13,100],"tags":[],"class_list":["post-21601","post","type-post","status-publish","format-standard","has-post-thumbnail","hentry","category-intervistat","category-janjevo-project-sq"],"_links":{"self":[{"href":"https:\/\/oralhistorykosovo.org\/sq\/wp-json\/wp\/v2\/posts\/21601","targetHints":{"allow":["GET"]}}],"collection":[{"href":"https:\/\/oralhistorykosovo.org\/sq\/wp-json\/wp\/v2\/posts"}],"about":[{"href":"https:\/\/oralhistorykosovo.org\/sq\/wp-json\/wp\/v2\/types\/post"}],"author":[{"embeddable":true,"href":"https:\/\/oralhistorykosovo.org\/sq\/wp-json\/wp\/v2\/users\/14"}],"replies":[{"embeddable":true,"href":"https:\/\/oralhistorykosovo.org\/sq\/wp-json\/wp\/v2\/comments?post=21601"}],"version-history":[{"count":3,"href":"https:\/\/oralhistorykosovo.org\/sq\/wp-json\/wp\/v2\/posts\/21601\/revisions"}],"predecessor-version":[{"id":22267,"href":"https:\/\/oralhistorykosovo.org\/sq\/wp-json\/wp\/v2\/posts\/21601\/revisions\/22267"}],"wp:featuredmedia":[{"embeddable":true,"href":"https:\/\/oralhistorykosovo.org\/sq\/wp-json\/wp\/v2\/media\/22265"}],"wp:attachment":[{"href":"https:\/\/oralhistorykosovo.org\/sq\/wp-json\/wp\/v2\/media?parent=21601"}],"wp:term":[{"taxonomy":"category","embeddable":true,"href":"https:\/\/oralhistorykosovo.org\/sq\/wp-json\/wp\/v2\/categories?post=21601"},{"taxonomy":"post_tag","embeddable":true,"href":"https:\/\/oralhistorykosovo.org\/sq\/wp-json\/wp\/v2\/tags?post=21601"}],"curies":[{"name":"wp","href":"https:\/\/api.w.org\/{rel}","templated":true}]}}