{"id":21382,"date":"2019-09-27T10:56:10","date_gmt":"2019-09-27T10:56:10","guid":{"rendered":"https:\/\/oralhistorykosovo.org\/dragutin-ivanovic\/"},"modified":"2025-06-05T08:08:49","modified_gmt":"2025-06-05T08:08:49","slug":"dragutin-ivanovic","status":"publish","type":"post","link":"https:\/\/oralhistorykosovo.org\/sq\/dragutin-ivanovic\/","title":{"rendered":"Dragutin Ivanoviq"},"content":{"rendered":"<p style=\"text-align: justify;\"><span style=\"font-weight: 400;\">Dragutin Ivanoviqi u lind m\u00eb 1 shtator 1950 n\u00eb Janjev\u00eb. Trajnimin profesional e mori nga Shkolla e Lart\u00eb Ekonomike n\u00eb Prishtin\u00eb n\u00eb vitin 1968. Pas sh\u00ebrbimit ushtarak, n\u00eb vitin 1970 u pun\u00ebsua n\u00eb fabrik\u00ebn \u201cMetaliku\u201d n\u00eb Janjev\u00eb si komercialist, ku punoi deri n\u00eb vitin 1990. Pas k\u00ebsaj, ai vazhdoi t\u00eb punoj n\u00eb Prishtin\u00eb p\u00ebr kompanin\u00eb nga Zagrebi t\u00eb quajtur \u201cKemikalija\u201d. Pas vitit 1999, Z. Ivanoviq punoi deri n\u00eb pensionim si m\u00ebsues i gjuh\u00ebs serbo-kroate n\u00eb Shkoll\u00ebn Fillore \u201cShtjef\u00ebn Gje\u00e7ovi\u201d n\u00eb Janjev\u00eb.<\/span><\/p>\n","protected":false},"excerpt":{"rendered":"<p>Dragutin Ivanoviqi u lind m\u00eb 1 shtator 1950 n\u00eb Janjev\u00eb. Trajnimin profesional e mori nga Shkolla e Lart\u00eb Ekonomike n\u00eb&#8230;<\/p>\n","protected":false},"author":14,"featured_media":22226,"comment_status":"open","ping_status":"open","sticky":false,"template":"","format":"standard","meta":{"footnotes":""},"categories":[13,100],"tags":[],"class_list":["post-21382","post","type-post","status-publish","format-standard","has-post-thumbnail","hentry","category-intervistat","category-janjevo-project-sq"],"_links":{"self":[{"href":"https:\/\/oralhistorykosovo.org\/sq\/wp-json\/wp\/v2\/posts\/21382","targetHints":{"allow":["GET"]}}],"collection":[{"href":"https:\/\/oralhistorykosovo.org\/sq\/wp-json\/wp\/v2\/posts"}],"about":[{"href":"https:\/\/oralhistorykosovo.org\/sq\/wp-json\/wp\/v2\/types\/post"}],"author":[{"embeddable":true,"href":"https:\/\/oralhistorykosovo.org\/sq\/wp-json\/wp\/v2\/users\/14"}],"replies":[{"embeddable":true,"href":"https:\/\/oralhistorykosovo.org\/sq\/wp-json\/wp\/v2\/comments?post=21382"}],"version-history":[{"count":3,"href":"https:\/\/oralhistorykosovo.org\/sq\/wp-json\/wp\/v2\/posts\/21382\/revisions"}],"predecessor-version":[{"id":22235,"href":"https:\/\/oralhistorykosovo.org\/sq\/wp-json\/wp\/v2\/posts\/21382\/revisions\/22235"}],"wp:featuredmedia":[{"embeddable":true,"href":"https:\/\/oralhistorykosovo.org\/sq\/wp-json\/wp\/v2\/media\/22226"}],"wp:attachment":[{"href":"https:\/\/oralhistorykosovo.org\/sq\/wp-json\/wp\/v2\/media?parent=21382"}],"wp:term":[{"taxonomy":"category","embeddable":true,"href":"https:\/\/oralhistorykosovo.org\/sq\/wp-json\/wp\/v2\/categories?post=21382"},{"taxonomy":"post_tag","embeddable":true,"href":"https:\/\/oralhistorykosovo.org\/sq\/wp-json\/wp\/v2\/tags?post=21382"}],"curies":[{"name":"wp","href":"https:\/\/api.w.org\/{rel}","templated":true}]}}