{"id":15574,"date":"2019-05-03T09:35:30","date_gmt":"2019-05-03T09:35:30","guid":{"rendered":"http:\/\/oralhistorykosovo.org\/xhemajl-petrovci\/"},"modified":"2025-06-05T11:35:50","modified_gmt":"2025-06-05T11:35:50","slug":"xhemajl-petrovci","status":"publish","type":"post","link":"https:\/\/oralhistorykosovo.org\/sq\/xhemajl-petrovci\/","title":{"rendered":"Xhemajl Petrovci"},"content":{"rendered":"<p style=\"text-align: justify;\"><span style=\"font-weight: 400;\">Xhemajl Petrovci u lind n\u00eb Prishtin\u00eb n\u00eb vitin 1949. E p\u00ebfundoi shkoll\u00ebn e mesme teknike n\u00eb vitin 1967. N\u00eb vitin 1971, ai punoi n\u00eb distribucionin Elektro Kosova. P\u00ebrgjat\u00eb viteve \u201880-t\u00eb, ai punoi n\u00eb kompanin\u00eb e nd\u00ebrtimit \u201cRamiz Sadiku\u201d, dhe m\u00eb von\u00eb si elektricist i pavarur. Sot, ai jeton me djalin dhe mbesat n\u00eb sht\u00ebpin\u00eb e tyre n\u00eb Prishtin\u00eb. <\/span><\/p>\n","protected":false},"excerpt":{"rendered":"<p>Xhemajl Petrovci u lind n\u00eb Prishtin\u00eb n\u00eb vitin 1949. E p\u00ebfundoi shkoll\u00ebn e mesme teknike n\u00eb vitin 1967. N\u00eb vitin&#8230;<\/p>\n","protected":false},"author":14,"featured_media":22343,"comment_status":"open","ping_status":"open","sticky":false,"template":"","format":"standard","meta":{"footnotes":""},"categories":[13,91],"tags":[],"class_list":["post-15574","post","type-post","status-publish","format-standard","has-post-thumbnail","hentry","category-intervistat","category-prishtina-ece"],"_links":{"self":[{"href":"https:\/\/oralhistorykosovo.org\/sq\/wp-json\/wp\/v2\/posts\/15574","targetHints":{"allow":["GET"]}}],"collection":[{"href":"https:\/\/oralhistorykosovo.org\/sq\/wp-json\/wp\/v2\/posts"}],"about":[{"href":"https:\/\/oralhistorykosovo.org\/sq\/wp-json\/wp\/v2\/types\/post"}],"author":[{"embeddable":true,"href":"https:\/\/oralhistorykosovo.org\/sq\/wp-json\/wp\/v2\/users\/14"}],"replies":[{"embeddable":true,"href":"https:\/\/oralhistorykosovo.org\/sq\/wp-json\/wp\/v2\/comments?post=15574"}],"version-history":[{"count":4,"href":"https:\/\/oralhistorykosovo.org\/sq\/wp-json\/wp\/v2\/posts\/15574\/revisions"}],"predecessor-version":[{"id":22344,"href":"https:\/\/oralhistorykosovo.org\/sq\/wp-json\/wp\/v2\/posts\/15574\/revisions\/22344"}],"wp:featuredmedia":[{"embeddable":true,"href":"https:\/\/oralhistorykosovo.org\/sq\/wp-json\/wp\/v2\/media\/22343"}],"wp:attachment":[{"href":"https:\/\/oralhistorykosovo.org\/sq\/wp-json\/wp\/v2\/media?parent=15574"}],"wp:term":[{"taxonomy":"category","embeddable":true,"href":"https:\/\/oralhistorykosovo.org\/sq\/wp-json\/wp\/v2\/categories?post=15574"},{"taxonomy":"post_tag","embeddable":true,"href":"https:\/\/oralhistorykosovo.org\/sq\/wp-json\/wp\/v2\/tags?post=15574"}],"curies":[{"name":"wp","href":"https:\/\/api.w.org\/{rel}","templated":true}]}}