{"id":15294,"date":"2019-03-15T12:25:32","date_gmt":"2019-03-15T12:25:32","guid":{"rendered":"http:\/\/oralhistorykosovo.org\/ilir-gjinolli\/"},"modified":"2025-06-05T12:04:48","modified_gmt":"2025-06-05T12:04:48","slug":"ilir-gjinolli","status":"publish","type":"post","link":"https:\/\/oralhistorykosovo.org\/sq\/ilir-gjinolli\/","title":{"rendered":"Ilir Gjinolli"},"content":{"rendered":"<p style=\"text-align: justify;\"><span style=\"font-weight: 400;\">Ilir Gjinolli u lind m\u00eb 1962 n\u00eb Gjilan. M\u00eb 1986 kreu studimet n\u00eb Fakultetin e Arkitektur\u00ebs, Universiteti i Prishtin\u00ebs. N\u00eb vitin 2015 kreu studimet e doktorat\u00ebs me tem\u00ebn \u201cHap\u00ebsirat publike n\u00eb Kosov\u00eb &#8211; Transformimi gjat\u00eb historis\u00eb\u201d n\u00eb Fakultetin e Arkitektur\u00ebs, Universiteti Teknik i Gracit. \u00cbsht\u00eb nj\u00eb nd\u00ebr themeluesit e Institutit p\u00ebr Planifikim Hap\u00ebsinor n\u00eb Ministrin\u00eb e Mjedisit dhe Planifikimit Hap\u00ebsinor, dhe ka punuar si drejtor i k\u00ebtij Instituti nga viti 2003-2006. Aktualisht, Gjinolli punon n\u00eb zyr\u00ebn e arkitektur\u00ebs \u201cUrbanPlus\u201d, t\u00eb cil\u00ebn e ka themeluar n\u00eb vitin 2001, dhe si ligj\u00ebrues i Dizajnit Urban n\u00eb Universitetin e Prishtin\u00ebs, Fakulteti i Arkitektur\u00ebs. Jeton me familjen n\u00eb Prishtin\u00eb.<\/span><\/p>\n","protected":false},"excerpt":{"rendered":"<p>Ilir Gjinolli u lind m\u00eb 1962 n\u00eb Gjilan. M\u00eb 1986 kreu studimet n\u00eb Fakultetin e Arkitektur\u00ebs, Universiteti i Prishtin\u00ebs. N\u00eb&#8230;<\/p>\n","protected":false},"author":14,"featured_media":22362,"comment_status":"open","ping_status":"open","sticky":false,"template":"","format":"standard","meta":{"footnotes":""},"categories":[13,91],"tags":[],"class_list":["post-15294","post","type-post","status-publish","format-standard","has-post-thumbnail","hentry","category-intervistat","category-prishtina-ece"],"_links":{"self":[{"href":"https:\/\/oralhistorykosovo.org\/sq\/wp-json\/wp\/v2\/posts\/15294","targetHints":{"allow":["GET"]}}],"collection":[{"href":"https:\/\/oralhistorykosovo.org\/sq\/wp-json\/wp\/v2\/posts"}],"about":[{"href":"https:\/\/oralhistorykosovo.org\/sq\/wp-json\/wp\/v2\/types\/post"}],"author":[{"embeddable":true,"href":"https:\/\/oralhistorykosovo.org\/sq\/wp-json\/wp\/v2\/users\/14"}],"replies":[{"embeddable":true,"href":"https:\/\/oralhistorykosovo.org\/sq\/wp-json\/wp\/v2\/comments?post=15294"}],"version-history":[{"count":4,"href":"https:\/\/oralhistorykosovo.org\/sq\/wp-json\/wp\/v2\/posts\/15294\/revisions"}],"predecessor-version":[{"id":22364,"href":"https:\/\/oralhistorykosovo.org\/sq\/wp-json\/wp\/v2\/posts\/15294\/revisions\/22364"}],"wp:featuredmedia":[{"embeddable":true,"href":"https:\/\/oralhistorykosovo.org\/sq\/wp-json\/wp\/v2\/media\/22362"}],"wp:attachment":[{"href":"https:\/\/oralhistorykosovo.org\/sq\/wp-json\/wp\/v2\/media?parent=15294"}],"wp:term":[{"taxonomy":"category","embeddable":true,"href":"https:\/\/oralhistorykosovo.org\/sq\/wp-json\/wp\/v2\/categories?post=15294"},{"taxonomy":"post_tag","embeddable":true,"href":"https:\/\/oralhistorykosovo.org\/sq\/wp-json\/wp\/v2\/tags?post=15294"}],"curies":[{"name":"wp","href":"https:\/\/api.w.org\/{rel}","templated":true}]}}