{"id":14308,"date":"2018-08-03T10:37:46","date_gmt":"2018-08-03T10:37:46","guid":{"rendered":"http:\/\/oralhistorykosovo.org\/enver-baki\/"},"modified":"2025-06-05T20:37:53","modified_gmt":"2025-06-05T20:37:53","slug":"enver-baki","status":"publish","type":"post","link":"https:\/\/oralhistorykosovo.org\/sq\/enver-baki\/","title":{"rendered":"Enver Baki"},"content":{"rendered":"<p style=\"text-align: justify;\"><span style=\"font-weight: 400;\">Enver Baki u lind n\u00eb vitin 1943 n\u00eb Prishtin\u00eb. Ai \u00ebsht\u00eb shkrimtar dhe poet i mir\u00ebnjohur nga komuniteti turk i Kosov\u00ebs. Baki ka diplomuar nga Departamenti i Gjuh\u00ebs dhe Let\u00ebrsis\u00eb Turke n\u00eb Shkoll\u00ebn e Lart\u00eb Pedagogjike. M\u00eb 1963, punoi p\u00ebr Radio Prishtin\u00ebn n\u00eb gjuh\u00ebn turke. Deri n\u00eb vitin 1969, ai ishte p\u00ebrgjegj\u00ebs p\u00ebr programin e f\u00ebmij\u00ebve. Baki \u00ebsht\u00eb nj\u00eb nd\u00ebr themeluesit e gazet\u00ebs javore turke \u201cTan\u201d, ku ai punoi si redaktor nga fundi i viteve \u201860-t\u00eb deri n\u00eb fund t\u00eb viteve \u201880-t\u00eb. Ai poashtu ka qen\u00eb pjes\u00eb e bordit drejtues n\u00eb revistat <\/span><span style=\"font-weight: 400;\">\u00a0\u201c\u00c7evren\u201d dhe \u201cKu\u015f\u201d. Sot, ai <\/span><span style=\"font-weight: 400;\">\u00ebsht\u00eb pensionuar dhe jeton me familjen e tij n\u00eb Prishtin\u00eb. <\/span><\/p>\n","protected":false},"excerpt":{"rendered":"<p>Enver Baki u lind n\u00eb vitin 1943 n\u00eb Prishtin\u00eb. Ai \u00ebsht\u00eb shkrimtar dhe poet i mir\u00ebnjohur nga komuniteti turk i&#8230;<\/p>\n","protected":false},"author":14,"featured_media":22461,"comment_status":"open","ping_status":"open","sticky":false,"template":"","format":"standard","meta":{"footnotes":""},"categories":[13],"tags":[],"class_list":["post-14308","post","type-post","status-publish","format-standard","has-post-thumbnail","hentry","category-intervistat"],"_links":{"self":[{"href":"https:\/\/oralhistorykosovo.org\/sq\/wp-json\/wp\/v2\/posts\/14308","targetHints":{"allow":["GET"]}}],"collection":[{"href":"https:\/\/oralhistorykosovo.org\/sq\/wp-json\/wp\/v2\/posts"}],"about":[{"href":"https:\/\/oralhistorykosovo.org\/sq\/wp-json\/wp\/v2\/types\/post"}],"author":[{"embeddable":true,"href":"https:\/\/oralhistorykosovo.org\/sq\/wp-json\/wp\/v2\/users\/14"}],"replies":[{"embeddable":true,"href":"https:\/\/oralhistorykosovo.org\/sq\/wp-json\/wp\/v2\/comments?post=14308"}],"version-history":[{"count":4,"href":"https:\/\/oralhistorykosovo.org\/sq\/wp-json\/wp\/v2\/posts\/14308\/revisions"}],"predecessor-version":[{"id":22463,"href":"https:\/\/oralhistorykosovo.org\/sq\/wp-json\/wp\/v2\/posts\/14308\/revisions\/22463"}],"wp:featuredmedia":[{"embeddable":true,"href":"https:\/\/oralhistorykosovo.org\/sq\/wp-json\/wp\/v2\/media\/22461"}],"wp:attachment":[{"href":"https:\/\/oralhistorykosovo.org\/sq\/wp-json\/wp\/v2\/media?parent=14308"}],"wp:term":[{"taxonomy":"category","embeddable":true,"href":"https:\/\/oralhistorykosovo.org\/sq\/wp-json\/wp\/v2\/categories?post=14308"},{"taxonomy":"post_tag","embeddable":true,"href":"https:\/\/oralhistorykosovo.org\/sq\/wp-json\/wp\/v2\/tags?post=14308"}],"curies":[{"name":"wp","href":"https:\/\/api.w.org\/{rel}","templated":true}]}}