{"id":14041,"date":"2018-06-20T09:47:52","date_gmt":"2018-06-20T09:47:52","guid":{"rendered":"http:\/\/oralhistorykosovo.org\/vait-krasniqi\/"},"modified":"2025-06-05T20:03:12","modified_gmt":"2025-06-05T20:03:12","slug":"vait-krasniqi","status":"publish","type":"post","link":"https:\/\/oralhistorykosovo.org\/sq\/vait-krasniqi\/","title":{"rendered":"Vait Krasniqi"},"content":{"rendered":"<p style=\"text-align: justify;\"><span style=\"font-weight: 400;\">Vait Krasniqi u lind m\u00eb 2 Gusht, 1960 n\u00eb Vlashnj\u00eb, Prizren. Krasniqi ka mbaruar Akademin\u00eb e Arteve n\u00eb Prishtin\u00eb, drejtimi muzik\u00eb, departamenti pedagogjiko-artistik. N\u00eb at\u00eb koh\u00eb ishte edhe pjes\u00ebmarr\u00ebs i demonstratave t\u00eb vitit 1981, dhe n\u00eb vitin 1982 u burgos pik\u00ebrisht p\u00ebr shkak t\u00eb pjes\u00ebmarrjes n\u00eb k\u00ebto demonstrata. N\u00eb vitin 1987, m\u00eb dat\u00ebn 1 Shtator, filloi t\u00eb jap\u00eb m\u00ebsim n\u00eb shkoll\u00ebn e mesme &#8220;Josip Sllavenski&#8221;. U largua nga puna n\u00eb vitin 1991, si shum\u00eb shqiptar\u00eb t\u00eb tjer\u00eb,\u00a0 deri n\u00eb vitin 1999 vazhdoi t\u00eb ligj\u00ebronte n\u00eb Prizren, n\u00eb sht\u00ebpit\u00eb-shkolla t\u00eb improvizuara. Sot ai jeton n\u00eb Prizren ku punon si m\u00ebsimdh\u00ebn\u00ebs n\u00eb shkoll\u00ebn e \u00a0mesme t\u00eb muzik\u00ebs \u2018Lorenc Antoni\u2019 n\u00eb Prizren\u201d. <\/span><\/p>\n","protected":false},"excerpt":{"rendered":"<p>Vait Krasniqi u lind m\u00eb 2 Gusht, 1960 n\u00eb Vlashnj\u00eb, Prizren. Krasniqi ka mbaruar Akademin\u00eb e Arteve n\u00eb Prishtin\u00eb, drejtimi&#8230;<\/p>\n","protected":false},"author":14,"featured_media":22426,"comment_status":"open","ping_status":"open","sticky":false,"template":"","format":"standard","meta":{"footnotes":""},"categories":[13,83],"tags":[],"class_list":["post-14041","post","type-post","status-publish","format-standard","has-post-thumbnail","hentry","category-intervistat","category-prizren-urban-memoryscapes-sq"],"_links":{"self":[{"href":"https:\/\/oralhistorykosovo.org\/sq\/wp-json\/wp\/v2\/posts\/14041","targetHints":{"allow":["GET"]}}],"collection":[{"href":"https:\/\/oralhistorykosovo.org\/sq\/wp-json\/wp\/v2\/posts"}],"about":[{"href":"https:\/\/oralhistorykosovo.org\/sq\/wp-json\/wp\/v2\/types\/post"}],"author":[{"embeddable":true,"href":"https:\/\/oralhistorykosovo.org\/sq\/wp-json\/wp\/v2\/users\/14"}],"replies":[{"embeddable":true,"href":"https:\/\/oralhistorykosovo.org\/sq\/wp-json\/wp\/v2\/comments?post=14041"}],"version-history":[{"count":5,"href":"https:\/\/oralhistorykosovo.org\/sq\/wp-json\/wp\/v2\/posts\/14041\/revisions"}],"predecessor-version":[{"id":22428,"href":"https:\/\/oralhistorykosovo.org\/sq\/wp-json\/wp\/v2\/posts\/14041\/revisions\/22428"}],"wp:featuredmedia":[{"embeddable":true,"href":"https:\/\/oralhistorykosovo.org\/sq\/wp-json\/wp\/v2\/media\/22426"}],"wp:attachment":[{"href":"https:\/\/oralhistorykosovo.org\/sq\/wp-json\/wp\/v2\/media?parent=14041"}],"wp:term":[{"taxonomy":"category","embeddable":true,"href":"https:\/\/oralhistorykosovo.org\/sq\/wp-json\/wp\/v2\/categories?post=14041"},{"taxonomy":"post_tag","embeddable":true,"href":"https:\/\/oralhistorykosovo.org\/sq\/wp-json\/wp\/v2\/tags?post=14041"}],"curies":[{"name":"wp","href":"https:\/\/api.w.org\/{rel}","templated":true}]}}