{"id":14019,"date":"2018-06-20T08:56:06","date_gmt":"2018-06-20T08:56:06","guid":{"rendered":"http:\/\/oralhistorykosovo.org\/indira-cipa\/"},"modified":"2025-06-05T21:53:02","modified_gmt":"2025-06-05T21:53:02","slug":"indira-cipa","status":"publish","type":"post","link":"https:\/\/oralhistorykosovo.org\/sq\/indira-cipa\/","title":{"rendered":"Indira \u00c7ipa"},"content":{"rendered":"<p style=\"text-align: justify;\"><span style=\"font-weight: 400;\">Indira \u00c7ipa u lind m\u00eb 14 korrik, 1962 n\u00eb Prizren. Studioi Muzik\u00ebn, sekcioni i pianos n\u00eb Universitetin e Prishtin\u00ebs. P\u00ebr nj\u00eb koh\u00eb punoi si moderatore n\u00eb Televizionin e Prishtin\u00ebs. M\u00eb pas vazhdoi studimet e magjistratur\u00ebs n\u00eb Universitetin Sveti Kiril-Metodij n\u00eb Shkup, Maqedoni Veriore. Gjat\u00eb viteve 1990-1996 ishte pjes\u00eb e Shoq\u00ebris\u00eb Kulturore Artistike \u201cAgimi\u201d, ku kontriboi me recitale pianistike. Nd\u00ebrsa, nga viti 1997- 2004 punoi n\u00eb Universitetin e Tetov\u00ebs si profesoresh\u00eb e pianos. Sot, \u00c7ipa ka marr\u00eb titullin Doktor n\u00eb fush\u00ebn e Studimit t\u00eb Krijimtaris\u00eb dhe Performimit Pianistik. Znj. \u00c7ipa poashtu ushtron profesionin si tutore e pianos. \u00a0<\/span><\/p>\n","protected":false},"excerpt":{"rendered":"<p>Indira \u00c7ipa u lind m\u00eb 14 korrik, 1962 n\u00eb Prizren. Studioi Muzik\u00ebn, sekcioni i pianos n\u00eb Universitetin e Prishtin\u00ebs. P\u00ebr&#8230;<\/p>\n","protected":false},"author":14,"featured_media":22522,"comment_status":"open","ping_status":"open","sticky":false,"template":"","format":"standard","meta":{"footnotes":""},"categories":[13,83],"tags":[],"class_list":["post-14019","post","type-post","status-publish","format-standard","has-post-thumbnail","hentry","category-intervistat","category-prizren-urban-memoryscapes-sq"],"_links":{"self":[{"href":"https:\/\/oralhistorykosovo.org\/sq\/wp-json\/wp\/v2\/posts\/14019","targetHints":{"allow":["GET"]}}],"collection":[{"href":"https:\/\/oralhistorykosovo.org\/sq\/wp-json\/wp\/v2\/posts"}],"about":[{"href":"https:\/\/oralhistorykosovo.org\/sq\/wp-json\/wp\/v2\/types\/post"}],"author":[{"embeddable":true,"href":"https:\/\/oralhistorykosovo.org\/sq\/wp-json\/wp\/v2\/users\/14"}],"replies":[{"embeddable":true,"href":"https:\/\/oralhistorykosovo.org\/sq\/wp-json\/wp\/v2\/comments?post=14019"}],"version-history":[{"count":3,"href":"https:\/\/oralhistorykosovo.org\/sq\/wp-json\/wp\/v2\/posts\/14019\/revisions"}],"predecessor-version":[{"id":22525,"href":"https:\/\/oralhistorykosovo.org\/sq\/wp-json\/wp\/v2\/posts\/14019\/revisions\/22525"}],"wp:featuredmedia":[{"embeddable":true,"href":"https:\/\/oralhistorykosovo.org\/sq\/wp-json\/wp\/v2\/media\/22522"}],"wp:attachment":[{"href":"https:\/\/oralhistorykosovo.org\/sq\/wp-json\/wp\/v2\/media?parent=14019"}],"wp:term":[{"taxonomy":"category","embeddable":true,"href":"https:\/\/oralhistorykosovo.org\/sq\/wp-json\/wp\/v2\/categories?post=14019"},{"taxonomy":"post_tag","embeddable":true,"href":"https:\/\/oralhistorykosovo.org\/sq\/wp-json\/wp\/v2\/tags?post=14019"}],"curies":[{"name":"wp","href":"https:\/\/api.w.org\/{rel}","templated":true}]}}