{"id":12081,"date":"2018-01-04T23:52:18","date_gmt":"2018-01-04T23:52:18","guid":{"rendered":"http:\/\/oralhistorykosovo.org\/return-to-sender-second-world-war-memorials-and-the-cities-in-postcards-5\/"},"modified":"2018-01-05T13:55:24","modified_gmt":"2018-01-05T13:55:24","slug":"return-to-sender-second-world-war-memorials-and-the-cities-in-postcards-5","status":"publish","type":"post","link":"https:\/\/oralhistorykosovo.org\/sq\/return-to-sender-second-world-war-memorials-and-the-cities-in-postcards-5\/","title":{"rendered":"Kthehen tek d\u00ebrguesi: Memorialet e Luft\u00ebs s\u00eb Dyt\u00eb Bot\u00ebrore dhe Qytetet n\u00eb Kartolina"},"content":{"rendered":"<p style=\"text-align: justify;\"><strong><em>Memoriali i dedikuar Ushtarit t\u00eb R\u00ebn\u00eb, 1941-1945, Gjilan.<\/em><\/strong><\/p>\n<p style=\"text-align: justify;\"><img loading=\"lazy\" decoding=\"async\" class=\"aligncenter wp-image-12075 size-full\" src=\"http:\/\/oralhistorykosovo.org\/wp-content\/uploads\/2018\/01\/11.png\" alt=\"\" width=\"960\" height=\"665\" srcset=\"https:\/\/oralhistorykosovo.org\/wp-content\/uploads\/2018\/01\/11.png 960w, https:\/\/oralhistorykosovo.org\/wp-content\/uploads\/2018\/01\/11-300x208.png 300w, https:\/\/oralhistorykosovo.org\/wp-content\/uploads\/2018\/01\/11-768x532.png 768w\" sizes=\"auto, (max-width: 960px) 100vw, 960px\" \/><\/p>\n<p style=\"text-align: justify;\">Ndoshta daton nga viti 1973, kjo kartolin\u00eb tregon memorialin dedikuar Ushtrarit t\u00eb R\u00ebn\u00eb, 1941-1945, n\u00eb Gjilan, q\u00eb njihet m\u00eb shum\u00eb nga komuniteti si Ushtari i Panjohur. I nd\u00ebrtuar n\u00eb vitin 1963 si edhe nj\u00eb d\u00ebshmi tjet\u00ebr p\u00ebr viktimizimin aktiv t\u00eb partizan\u00ebve, ky monument \u00ebsht\u00eb kubist n\u00eb pamje- nj\u00eb form\u00eb e madhe njeriu q\u00eb mban\u00eb nj\u00eb t\u00eb vdekur n\u00eb krah\u00eb, si nj\u00eb p\u00ebrfaq\u00ebsim pothuajse i p\u00ebrgjithsh\u00ebm i kujdesit dhe pik\u00ebllimit.<\/p>\n<p style=\"text-align: justify;\">P\u00ebr m\u00eb shum\u00eb se 50 vjet, ka qen\u00eb pik\u00eb reference p\u00ebr shumic\u00ebn e qytetar\u00ebve t\u00eb Gjilanit, nj\u00eb shenj\u00eb e qytetit modern, si\u00e7 tregojn\u00eb shum\u00eb kartolina.<\/p>\n<p style=\"text-align: justify;\"><img loading=\"lazy\" decoding=\"async\" class=\"aligncenter wp-image-12076 size-full\" src=\"http:\/\/oralhistorykosovo.org\/wp-content\/uploads\/2018\/01\/33.jpg\" alt=\"\" width=\"800\" height=\"544\" srcset=\"https:\/\/oralhistorykosovo.org\/wp-content\/uploads\/2018\/01\/33.jpg 800w, https:\/\/oralhistorykosovo.org\/wp-content\/uploads\/2018\/01\/33-300x204.jpg 300w, https:\/\/oralhistorykosovo.org\/wp-content\/uploads\/2018\/01\/33-768x522.jpg 768w\" sizes=\"auto, (max-width: 800px) 100vw, 800px\" \/><\/p>\n<p style=\"text-align: justify;\"><img loading=\"lazy\" decoding=\"async\" class=\"aligncenter wp-image-12077 size-full\" src=\"http:\/\/oralhistorykosovo.org\/wp-content\/uploads\/2018\/01\/44.jpg\" alt=\"\" width=\"800\" height=\"557\" srcset=\"https:\/\/oralhistorykosovo.org\/wp-content\/uploads\/2018\/01\/44.jpg 800w, https:\/\/oralhistorykosovo.org\/wp-content\/uploads\/2018\/01\/44-300x209.jpg 300w, https:\/\/oralhistorykosovo.org\/wp-content\/uploads\/2018\/01\/44-768x535.jpg 768w\" sizes=\"auto, (max-width: 800px) 100vw, 800px\" \/><\/p>\n<p style=\"text-align: justify;\"><img loading=\"lazy\" decoding=\"async\" class=\"aligncenter wp-image-12078 size-full\" src=\"http:\/\/oralhistorykosovo.org\/wp-content\/uploads\/2018\/01\/22.jpg\" alt=\"\" width=\"800\" height=\"559\" srcset=\"https:\/\/oralhistorykosovo.org\/wp-content\/uploads\/2018\/01\/22.jpg 800w, https:\/\/oralhistorykosovo.org\/wp-content\/uploads\/2018\/01\/22-300x210.jpg 300w, https:\/\/oralhistorykosovo.org\/wp-content\/uploads\/2018\/01\/22-768x537.jpg 768w\" sizes=\"auto, (max-width: 800px) 100vw, 800px\" \/><\/p>\n<p style=\"text-align: justify;\"><img loading=\"lazy\" decoding=\"async\" class=\"aligncenter wp-image-12079 size-full\" src=\"http:\/\/oralhistorykosovo.org\/wp-content\/uploads\/2018\/01\/55.jpg\" alt=\"\" width=\"800\" height=\"542\" srcset=\"https:\/\/oralhistorykosovo.org\/wp-content\/uploads\/2018\/01\/55.jpg 800w, https:\/\/oralhistorykosovo.org\/wp-content\/uploads\/2018\/01\/55-300x203.jpg 300w, https:\/\/oralhistorykosovo.org\/wp-content\/uploads\/2018\/01\/55-768x520.jpg 768w\" sizes=\"auto, (max-width: 800px) 100vw, 800px\" \/><\/p>\n<p style=\"text-align: justify;\">N\u00eb vitet 1960, mund t\u00eb ket\u00eb qen\u00eb nd\u00ebrtimi m\u00eb modern n\u00eb nj\u00eb qytet ende shum\u00eb af\u00ebr natyr\u00ebs, si\u00e7 tregon nj\u00eb kartolin\u00eb e qendr\u00ebs s\u00eb Gjilanit q\u00eb daton n\u00eb vitin 1964.<\/p>\n<p style=\"text-align: justify;\">Monumenti kishte zavend\u00ebsuar nj\u00eb statuj\u00eb t\u00eb Mbretit Serb Petar Kara\u0111or\u0111evi\u0107 t\u00eb vitit 1918, por tani nga ana tjet\u00ebr \u00ebsht\u00eb z\u00ebvend\u00ebsuar nga nj\u00eb statuj\u00eb e Idriz Seferit, nj\u00eb hero shqip\u00ebtar i rajonit, i cili ka luftuar kund\u00ebr Perandorise s\u00eb Par\u00eb Osmane, m\u00eb von\u00eb kund\u00ebr Serbis\u00eb n\u00eb Luft\u00ebrat Ballkanike.<\/p>\n<p style=\"text-align: justify;\">N\u00eb n\u00ebntor 2017, disa pjes\u00eb t\u00eb Gjilanit dhe shoq\u00ebris\u00eb civile t\u00eb Kosov\u00ebs <a href=\"http:\/\/prishtinainsight.com\/thoughts-anti-fascist-unknown-fighter-gjilan\/\">protestuan p\u00ebr heqjen e k\u00ebtij monumenti<\/a>,\u00a0nj\u00eb veprim q\u00eb ata e ndjenin si plag\u00eb p\u00ebr imagjinat\u00ebn e tyre t\u00eb qytetit. Ka t\u00eb tjer\u00eb, megjithat\u00eb, q\u00eb jan\u00eb t\u00eb lumtur t\u00eb shohin monumentin t\u00eb largohet, sepse iu kujton nj\u00eb koh\u00eb t\u00eb err\u00ebt n\u00eb historin\u00eb e vendit, muajt e fundit t\u00eb Luft\u00ebs s\u00eb Dyt\u00eb Bot\u00ebrore, kur Gjilani ishte skena e nj\u00eb masakre t\u00eb civil\u00ebve nga partizan\u00ebt. Nj\u00eb histori gojore me nj\u00eb t\u00eb mbijetuar\u00a0<a href=\"https:\/\/oralhistorykosovo.org\/enver-tali\/\">Enver Tali<\/a>, kujton ngjarjen nga pik\u00ebpamja e nj\u00eb djali t\u00eb frik\u00ebsuar, Enveri si nj\u00eb adoleshent, i cili pa familj\u00ebn e tij duke u vrar\u00eb para se t\u00eb k\u00ebrc\u00ebnonin edhe at\u00eb.<\/p>\n<p style=\"text-align: justify;\">Iniciativa e Historis\u00eb Gojore t\u00eb Kosov\u00ebs \u00ebsht\u00eb bashkuar n\u00eb mbrojtje t\u00eb munumentit me <a href=\"https:\/\/oralhistorykosovo.org\/sq\/leter-e-hapur\/\">nj\u00eb let\u00ebr t\u00eb hapur drejtuar kryetarit t\u00eb Gjilanit<\/a>. Ne ndjejm\u00eb q\u00eb n\u00eb vend q\u00eb t\u00eb shkat\u00ebrrohet ky munument, dhe q\u00eb t\u00eb fshihet historia e Kosov\u00ebs q\u00eb kremton \u00e7lirimin nga okupim Nazist Gjerman, qyteti duhet t\u00eb siguroj kontekstin p\u00ebr monumentin dhe t\u00eb p\u00ebrkujtoj gjithashtu historin\u00eb e luft\u00ebs q\u00eb nuk \u00ebsht\u00eb e lavdishme.<\/p>\n","protected":false},"excerpt":{"rendered":"<p>Memoriali i dedikuar Ushtarit t\u00eb R\u00ebn\u00eb, 1941-1945, Gjilan. Ndoshta daton nga viti 1973, kjo kartolin\u00eb tregon memorialin dedikuar Ushtrarit t\u00eb&#8230;<\/p>\n","protected":false},"author":14,"featured_media":12075,"comment_status":"open","ping_status":"open","sticky":false,"template":"","format":"standard","meta":{"footnotes":""},"categories":[18],"tags":[],"class_list":["post-12081","post","type-post","status-publish","format-standard","has-post-thumbnail","hentry","category-filmat-dhe-publikimet"],"_links":{"self":[{"href":"https:\/\/oralhistorykosovo.org\/sq\/wp-json\/wp\/v2\/posts\/12081","targetHints":{"allow":["GET"]}}],"collection":[{"href":"https:\/\/oralhistorykosovo.org\/sq\/wp-json\/wp\/v2\/posts"}],"about":[{"href":"https:\/\/oralhistorykosovo.org\/sq\/wp-json\/wp\/v2\/types\/post"}],"author":[{"embeddable":true,"href":"https:\/\/oralhistorykosovo.org\/sq\/wp-json\/wp\/v2\/users\/14"}],"replies":[{"embeddable":true,"href":"https:\/\/oralhistorykosovo.org\/sq\/wp-json\/wp\/v2\/comments?post=12081"}],"version-history":[{"count":3,"href":"https:\/\/oralhistorykosovo.org\/sq\/wp-json\/wp\/v2\/posts\/12081\/revisions"}],"predecessor-version":[{"id":12084,"href":"https:\/\/oralhistorykosovo.org\/sq\/wp-json\/wp\/v2\/posts\/12081\/revisions\/12084"}],"wp:featuredmedia":[{"embeddable":true,"href":"https:\/\/oralhistorykosovo.org\/sq\/wp-json\/wp\/v2\/media\/12075"}],"wp:attachment":[{"href":"https:\/\/oralhistorykosovo.org\/sq\/wp-json\/wp\/v2\/media?parent=12081"}],"wp:term":[{"taxonomy":"category","embeddable":true,"href":"https:\/\/oralhistorykosovo.org\/sq\/wp-json\/wp\/v2\/categories?post=12081"},{"taxonomy":"post_tag","embeddable":true,"href":"https:\/\/oralhistorykosovo.org\/sq\/wp-json\/wp\/v2\/tags?post=12081"}],"curies":[{"name":"wp","href":"https:\/\/api.w.org\/{rel}","templated":true}]}}