{"id":11870,"date":"2017-11-18T09:43:31","date_gmt":"2017-11-18T09:43:31","guid":{"rendered":"http:\/\/oralhistorykosovo.org\/aurela-kadriu-holds-a-workshop-on-the-practice-of-oral-history\/"},"modified":"2017-12-12T11:27:18","modified_gmt":"2017-12-12T11:27:18","slug":"aurela-kadriu-holds-a-workshop-on-the-practice-of-oral-history","status":"publish","type":"post","link":"https:\/\/oralhistorykosovo.org\/sq\/aurela-kadriu-holds-a-workshop-on-the-practice-of-oral-history\/","title":{"rendered":"Aurela Kadriu mban pun\u00ebtori mbi praktik\u00ebn e historis\u00eb gojore"},"content":{"rendered":"","protected":false},"excerpt":{"rendered":"","protected":false},"author":14,"featured_media":11867,"comment_status":"open","ping_status":"open","sticky":false,"template":"","format":"standard","meta":{"footnotes":""},"categories":[6],"tags":[],"class_list":["post-11870","post","type-post","status-publish","format-standard","has-post-thumbnail","hentry","category-lajmet"],"_links":{"self":[{"href":"https:\/\/oralhistorykosovo.org\/sq\/wp-json\/wp\/v2\/posts\/11870","targetHints":{"allow":["GET"]}}],"collection":[{"href":"https:\/\/oralhistorykosovo.org\/sq\/wp-json\/wp\/v2\/posts"}],"about":[{"href":"https:\/\/oralhistorykosovo.org\/sq\/wp-json\/wp\/v2\/types\/post"}],"author":[{"embeddable":true,"href":"https:\/\/oralhistorykosovo.org\/sq\/wp-json\/wp\/v2\/users\/14"}],"replies":[{"embeddable":true,"href":"https:\/\/oralhistorykosovo.org\/sq\/wp-json\/wp\/v2\/comments?post=11870"}],"version-history":[{"count":4,"href":"https:\/\/oralhistorykosovo.org\/sq\/wp-json\/wp\/v2\/posts\/11870\/revisions"}],"predecessor-version":[{"id":12002,"href":"https:\/\/oralhistorykosovo.org\/sq\/wp-json\/wp\/v2\/posts\/11870\/revisions\/12002"}],"wp:featuredmedia":[{"embeddable":true,"href":"https:\/\/oralhistorykosovo.org\/sq\/wp-json\/wp\/v2\/media\/11867"}],"wp:attachment":[{"href":"https:\/\/oralhistorykosovo.org\/sq\/wp-json\/wp\/v2\/media?parent=11870"}],"wp:term":[{"taxonomy":"category","embeddable":true,"href":"https:\/\/oralhistorykosovo.org\/sq\/wp-json\/wp\/v2\/categories?post=11870"},{"taxonomy":"post_tag","embeddable":true,"href":"https:\/\/oralhistorykosovo.org\/sq\/wp-json\/wp\/v2\/tags?post=11870"}],"curies":[{"name":"wp","href":"https:\/\/api.w.org\/{rel}","templated":true}]}}