{"id":11585,"date":"2017-10-27T09:26:04","date_gmt":"2017-10-27T09:26:04","guid":{"rendered":"http:\/\/oralhistorykosovo.org\/stefan-surlic\/"},"modified":"2017-11-22T09:59:58","modified_gmt":"2017-11-22T09:59:58","slug":"stefan-surlic","status":"publish","type":"post","link":"https:\/\/oralhistorykosovo.org\/sq\/stefan-surlic\/","title":{"rendered":"Stefan Surli\u0107"},"content":{"rendered":"<p style=\"text-align: justify;\"><span style=\"font-weight: 400;\">Stefan Surli\u0107 u lind m\u00eb 20 janar, 1989 n\u00eb Prishtin\u00eb. Ai \u00ebsht\u00eb asistent profesor i l\u00ebnd\u00ebs, Politik\u00eb Krahasuese n\u00eb Univerzitetin e Beogradit dhe duke doktoruar n\u00eb Shkenca Politike. Ai jeton dhe punon n\u00eb Beograd.<\/span><\/p>\n","protected":false},"excerpt":{"rendered":"<p>Stefan Surli\u0107 u lind m\u00eb 20 janar, 1989 n\u00eb Prishtin\u00eb. Ai \u00ebsht\u00eb asistent profesor i l\u00ebnd\u00ebs, Politik\u00eb Krahasuese n\u00eb Univerzitetin&#8230;<\/p>\n","protected":false},"author":14,"featured_media":11583,"comment_status":"open","ping_status":"open","sticky":false,"template":"","format":"standard","meta":{"footnotes":""},"categories":[13],"tags":[],"class_list":["post-11585","post","type-post","status-publish","format-standard","has-post-thumbnail","hentry","category-intervistat"],"_links":{"self":[{"href":"https:\/\/oralhistorykosovo.org\/sq\/wp-json\/wp\/v2\/posts\/11585","targetHints":{"allow":["GET"]}}],"collection":[{"href":"https:\/\/oralhistorykosovo.org\/sq\/wp-json\/wp\/v2\/posts"}],"about":[{"href":"https:\/\/oralhistorykosovo.org\/sq\/wp-json\/wp\/v2\/types\/post"}],"author":[{"embeddable":true,"href":"https:\/\/oralhistorykosovo.org\/sq\/wp-json\/wp\/v2\/users\/14"}],"replies":[{"embeddable":true,"href":"https:\/\/oralhistorykosovo.org\/sq\/wp-json\/wp\/v2\/comments?post=11585"}],"version-history":[{"count":4,"href":"https:\/\/oralhistorykosovo.org\/sq\/wp-json\/wp\/v2\/posts\/11585\/revisions"}],"predecessor-version":[{"id":11877,"href":"https:\/\/oralhistorykosovo.org\/sq\/wp-json\/wp\/v2\/posts\/11585\/revisions\/11877"}],"wp:featuredmedia":[{"embeddable":true,"href":"https:\/\/oralhistorykosovo.org\/sq\/wp-json\/wp\/v2\/media\/11583"}],"wp:attachment":[{"href":"https:\/\/oralhistorykosovo.org\/sq\/wp-json\/wp\/v2\/media?parent=11585"}],"wp:term":[{"taxonomy":"category","embeddable":true,"href":"https:\/\/oralhistorykosovo.org\/sq\/wp-json\/wp\/v2\/categories?post=11585"},{"taxonomy":"post_tag","embeddable":true,"href":"https:\/\/oralhistorykosovo.org\/sq\/wp-json\/wp\/v2\/tags?post=11585"}],"curies":[{"name":"wp","href":"https:\/\/api.w.org\/{rel}","templated":true}]}}