{"id":10931,"date":"2017-08-17T23:40:21","date_gmt":"2017-08-17T23:40:21","guid":{"rendered":"http:\/\/oralhistorykosovo.org\/rafet-rudi\/"},"modified":"2025-06-05T19:57:15","modified_gmt":"2025-06-05T19:57:15","slug":"rafet-rudi","status":"publish","type":"post","link":"https:\/\/oralhistorykosovo.org\/sq\/rafet-rudi\/","title":{"rendered":"Rafet Rudi"},"content":{"rendered":"<p><span style=\"font-weight: 400;\">Rafet Rudi u lind m\u00eb 5 janar, 1949, n\u00eb Mitrovic\u00eb. <\/span><span style=\"font-weight: 400;\">Diplomoi n<\/span><span style=\"font-weight: 400;\">\u00eb <\/span><span style=\"font-weight: 400;\">Dirigjim<\/span> <span style=\"font-weight: 400;\">dhe Kompozim pran\u00eb Akademis\u00eb s\u00eb Muzik\u00ebs n\u00eb Beograd. Specializoi n\u00eb Konzervatorin Nacional t\u00eb Parisit n\u00eb klas\u00ebn e kompozitorit Claude Ballif. N\u00eb periudh\u00ebn 1980-1987, q\u00eb nga themelimi i Korit profesional t\u00eb Radio-televizionit t\u00eb Prishtin\u00ebs ishte dirigjent i par\u00eb i tij. Nga viti 2002 \u00ebsht\u00eb themelues dhe Drejtor i Festivalit Nd\u00ebrkomb\u00ebtar \u201cReMusica\u201d. Nd<\/span><span style=\"font-weight: 400;\">\u00ebrsa, <\/span><span style=\"font-weight: 400;\">nga viti 2006 \u00ebsht\u00eb Dirigjent permanent i Korit t\u00eb Filharmonis\u00eb s\u00eb Kosov\u00ebs.<\/span><\/p>\n","protected":false},"excerpt":{"rendered":"<p>Rafet Rudi u lind m\u00eb 5 janar, 1949, n\u00eb Mitrovic\u00eb. Diplomoi n\u00eb Dirigjim dhe Kompozim pran\u00eb Akademis\u00eb s\u00eb Muzik\u00ebs n\u00eb&#8230;<\/p>\n","protected":false},"author":7,"featured_media":22421,"comment_status":"open","ping_status":"open","sticky":false,"template":"","format":"standard","meta":{"footnotes":""},"categories":[13,54],"tags":[],"class_list":["post-10931","post","type-post","status-publish","format-standard","has-post-thumbnail","hentry","category-intervistat","category-kosovo-artists-sq"],"_links":{"self":[{"href":"https:\/\/oralhistorykosovo.org\/sq\/wp-json\/wp\/v2\/posts\/10931","targetHints":{"allow":["GET"]}}],"collection":[{"href":"https:\/\/oralhistorykosovo.org\/sq\/wp-json\/wp\/v2\/posts"}],"about":[{"href":"https:\/\/oralhistorykosovo.org\/sq\/wp-json\/wp\/v2\/types\/post"}],"author":[{"embeddable":true,"href":"https:\/\/oralhistorykosovo.org\/sq\/wp-json\/wp\/v2\/users\/7"}],"replies":[{"embeddable":true,"href":"https:\/\/oralhistorykosovo.org\/sq\/wp-json\/wp\/v2\/comments?post=10931"}],"version-history":[{"count":3,"href":"https:\/\/oralhistorykosovo.org\/sq\/wp-json\/wp\/v2\/posts\/10931\/revisions"}],"predecessor-version":[{"id":22423,"href":"https:\/\/oralhistorykosovo.org\/sq\/wp-json\/wp\/v2\/posts\/10931\/revisions\/22423"}],"wp:featuredmedia":[{"embeddable":true,"href":"https:\/\/oralhistorykosovo.org\/sq\/wp-json\/wp\/v2\/media\/22421"}],"wp:attachment":[{"href":"https:\/\/oralhistorykosovo.org\/sq\/wp-json\/wp\/v2\/media?parent=10931"}],"wp:term":[{"taxonomy":"category","embeddable":true,"href":"https:\/\/oralhistorykosovo.org\/sq\/wp-json\/wp\/v2\/categories?post=10931"},{"taxonomy":"post_tag","embeddable":true,"href":"https:\/\/oralhistorykosovo.org\/sq\/wp-json\/wp\/v2\/tags?post=10931"}],"curies":[{"name":"wp","href":"https:\/\/api.w.org\/{rel}","templated":true}]}}